{"id":299,"date":"2011-01-05T11:40:57","date_gmt":"2011-01-05T11:40:57","guid":{"rendered":"http:\/\/www.debat-halal.fr\/blog\/?p=299"},"modified":"2011-01-06T15:58:39","modified_gmt":"2011-01-06T15:58:39","slug":"les-magasins-e-leclerc-veulent-aussi-leur-part-du-gateau","status":"publish","type":"post","link":"https:\/\/www.debat-halal.fr\/blog\/les-magasins-e-leclerc-veulent-aussi-leur-part-du-gateau\/","title":{"rendered":"Les magasins E.LECLERC veulent aussi leur part du g\u00e2teau"},"content":{"rendered":"<p>Incessamment sous peu, vous d\u00e9couvrirez de nouveaux produits estampill\u00e9s \u00ab\u00a0halal\u00a0\u00bb\u00a0chez E.LECLERC sous leur propre marque \u00ab\u00a0Marque Rep\u00e8re\u00a0\u00bb.<\/p>\n<p>Prochainement, nous publierons un article complet sur<!--more-->\u00a0les produits qui vont \u00eatre lanc\u00e9s par cette enseigne.<\/p>\n<p>D\u2019apr\u00e8s nos informations E.LECLERC aurait choisi <span style=\"text-decoration: line-through;\">le tr\u00e8s s\u00e9rieux<\/span> SFCVH en guise de garantie halal.<\/p>\n<p>D\u2019apr\u00e8s nos sources, AUCHAN serait \u00e9galement en train de r\u00e9fl\u00e9chir au lancement d\u2019une marque halal. Nous vous tiendrons inform\u00e9s.<\/p>\n<p>Force est de constater qu\u2019il y a sur le march\u00e9 actuellement plus de marques pr\u00e9sentant de \u00ab\u00a0faux\u00a0\u00bb halal que des marques v\u00e9ritablement halal contr\u00f4l\u00e9es par des organismes ind\u00e9pendants disposant de leurs propres contr\u00f4leurs.<\/p>\n<p><strong><em>A suivre\u2026<\/em><\/strong><\/p>\n","protected":false},"excerpt":{"rendered":"<p>Incessamment sous peu, vous d\u00e9couvrirez de nouveaux produits estampill\u00e9s \u00ab\u00a0halal\u00a0\u00bb\u00a0chez E.LECLERC sous leur propre marque \u00ab\u00a0Marque Rep\u00e8re\u00a0\u00bb. Prochainement, nous publierons un article complet sur<\/p>\n","protected":false},"author":1,"featured_media":0,"comment_status":"open","ping_status":"open","sticky":false,"template":"","format":"standard","meta":{"footnotes":""},"categories":[1],"tags":[],"class_list":["post-299","post","type-post","status-publish","format-standard","hentry","category-non-classe"],"acf":[],"yoast_head":"<!-- This site is optimized with the Yoast SEO plugin v24.7 - https:\/\/yoast.com\/wordpress\/plugins\/seo\/ -->\n<title>Les magasins E.LECLERC veulent aussi leur part du g\u00e2teau - D\u00e9bat Halal<\/title>\n<meta name=\"robots\" content=\"index, follow, max-snippet:-1, max-image-preview:large, max-video-preview:-1\" \/>\n<link rel=\"canonical\" href=\"https:\/\/www.debat-halal.fr\/blog\/les-magasins-e-leclerc-veulent-aussi-leur-part-du-gateau\/\" \/>\n<meta property=\"og:locale\" content=\"fr_FR\" \/>\n<meta property=\"og:type\" content=\"article\" \/>\n<meta property=\"og:title\" content=\"Les magasins E.LECLERC veulent aussi leur part du g\u00e2teau - D\u00e9bat Halal\" \/>\n<meta property=\"og:description\" content=\"Incessamment sous peu, vous d\u00e9couvrirez de nouveaux produits estampill\u00e9s \u00ab\u00a0halal\u00a0\u00bb\u00a0chez E.LECLERC sous leur propre marque \u00ab\u00a0Marque Rep\u00e8re\u00a0\u00bb. Prochainement, nous publierons un article complet sur\" \/>\n<meta property=\"og:url\" content=\"https:\/\/www.debat-halal.fr\/blog\/les-magasins-e-leclerc-veulent-aussi-leur-part-du-gateau\/\" \/>\n<meta property=\"og:site_name\" content=\"D\u00e9bat Halal\" \/>\n<meta property=\"article:publisher\" content=\"https:\/\/www.facebook.com\/debathalal\" \/>\n<meta property=\"article:published_time\" content=\"2011-01-05T11:40:57+00:00\" \/>\n<meta property=\"article:modified_time\" content=\"2011-01-06T15:58:39+00:00\" \/>\n<meta property=\"og:image\" content=\"https:\/\/www.debat-halal.fr\/blog\/wp-content\/uploads\/2014\/07\/debat-halal.png\" \/>\n\t<meta property=\"og:image:width\" content=\"470\" \/>\n\t<meta property=\"og:image:height\" content=\"137\" \/>\n\t<meta property=\"og:image:type\" content=\"image\/png\" \/>\n<meta name=\"author\" content=\"Administrateur\" \/>\n<meta name=\"twitter:card\" content=\"summary_large_image\" \/>\n<meta name=\"twitter:creator\" content=\"@DebatHalal\" \/>\n<meta name=\"twitter:site\" content=\"@DebatHalal\" \/>\n<meta name=\"twitter:label1\" content=\"\u00c9crit par\" \/>\n\t<meta name=\"twitter:data1\" content=\"Administrateur\" \/>\n\t<meta name=\"twitter:label2\" content=\"Dur\u00e9e de lecture estim\u00e9e\" \/>\n\t<meta name=\"twitter:data2\" content=\"1 minute\" \/>\n<script type=\"application\/ld+json\" class=\"yoast-schema-graph\">{\"@context\":\"https:\/\/schema.org\",\"@graph\":[{\"@type\":\"Article\",\"@id\":\"https:\/\/www.debat-halal.fr\/blog\/les-magasins-e-leclerc-veulent-aussi-leur-part-du-gateau\/#article\",\"isPartOf\":{\"@id\":\"https:\/\/www.debat-halal.fr\/blog\/les-magasins-e-leclerc-veulent-aussi-leur-part-du-gateau\/\"},\"author\":{\"name\":\"Administrateur\",\"@id\":\"https:\/\/www.debat-halal.fr\/blog\/#\/schema\/person\/e4d8e852d1a4e403f8a5f365a87e0fec\"},\"headline\":\"Les magasins E.LECLERC veulent aussi leur part du g\u00e2teau\",\"datePublished\":\"2011-01-05T11:40:57+00:00\",\"dateModified\":\"2011-01-06T15:58:39+00:00\",\"mainEntityOfPage\":{\"@id\":\"https:\/\/www.debat-halal.fr\/blog\/les-magasins-e-leclerc-veulent-aussi-leur-part-du-gateau\/\"},\"wordCount\":137,\"commentCount\":1,\"publisher\":{\"@id\":\"https:\/\/www.debat-halal.fr\/blog\/#organization\"},\"inLanguage\":\"fr-FR\",\"potentialAction\":[{\"@type\":\"CommentAction\",\"name\":\"Comment\",\"target\":[\"https:\/\/www.debat-halal.fr\/blog\/les-magasins-e-leclerc-veulent-aussi-leur-part-du-gateau\/#respond\"]}]},{\"@type\":\"WebPage\",\"@id\":\"https:\/\/www.debat-halal.fr\/blog\/les-magasins-e-leclerc-veulent-aussi-leur-part-du-gateau\/\",\"url\":\"https:\/\/www.debat-halal.fr\/blog\/les-magasins-e-leclerc-veulent-aussi-leur-part-du-gateau\/\",\"name\":\"Les magasins E.LECLERC veulent aussi leur part du g\u00e2teau - D\u00e9bat Halal\",\"isPartOf\":{\"@id\":\"https:\/\/www.debat-halal.fr\/blog\/#website\"},\"datePublished\":\"2011-01-05T11:40:57+00:00\",\"dateModified\":\"2011-01-06T15:58:39+00:00\",\"breadcrumb\":{\"@id\":\"https:\/\/www.debat-halal.fr\/blog\/les-magasins-e-leclerc-veulent-aussi-leur-part-du-gateau\/#breadcrumb\"},\"inLanguage\":\"fr-FR\",\"potentialAction\":[{\"@type\":\"ReadAction\",\"target\":[\"https:\/\/www.debat-halal.fr\/blog\/les-magasins-e-leclerc-veulent-aussi-leur-part-du-gateau\/\"]}]},{\"@type\":\"BreadcrumbList\",\"@id\":\"https:\/\/www.debat-halal.fr\/blog\/les-magasins-e-leclerc-veulent-aussi-leur-part-du-gateau\/#breadcrumb\",\"itemListElement\":[{\"@type\":\"ListItem\",\"position\":1,\"name\":\"Accueil\",\"item\":\"https:\/\/www.debat-halal.fr\/blog\/\"},{\"@type\":\"ListItem\",\"position\":2,\"name\":\"Les magasins E.LECLERC veulent aussi leur part du g\u00e2teau\"}]},{\"@type\":\"WebSite\",\"@id\":\"https:\/\/www.debat-halal.fr\/blog\/#website\",\"url\":\"https:\/\/www.debat-halal.fr\/blog\/\",\"name\":\"D\u00e9bat Halal\",\"description\":\"L\u2019information clair du v\u00e9ritable Halal !\",\"publisher\":{\"@id\":\"https:\/\/www.debat-halal.fr\/blog\/#organization\"},\"potentialAction\":[{\"@type\":\"SearchAction\",\"target\":{\"@type\":\"EntryPoint\",\"urlTemplate\":\"https:\/\/www.debat-halal.fr\/blog\/?s={search_term_string}\"},\"query-input\":{\"@type\":\"PropertyValueSpecification\",\"valueRequired\":true,\"valueName\":\"search_term_string\"}}],\"inLanguage\":\"fr-FR\"},{\"@type\":\"Organization\",\"@id\":\"https:\/\/www.debat-halal.fr\/blog\/#organization\",\"name\":\"D\u00e9bat Halal\",\"url\":\"https:\/\/www.debat-halal.fr\/blog\/\",\"logo\":{\"@type\":\"ImageObject\",\"inLanguage\":\"fr-FR\",\"@id\":\"https:\/\/www.debat-halal.fr\/blog\/#\/schema\/logo\/image\/\",\"url\":\"https:\/\/www.debat-halal.fr\/blog\/wp-content\/uploads\/2014\/07\/debat-halal.png\",\"contentUrl\":\"https:\/\/www.debat-halal.fr\/blog\/wp-content\/uploads\/2014\/07\/debat-halal.png\",\"width\":470,\"height\":137,\"caption\":\"D\u00e9bat Halal\"},\"image\":{\"@id\":\"https:\/\/www.debat-halal.fr\/blog\/#\/schema\/logo\/image\/\"},\"sameAs\":[\"https:\/\/www.facebook.com\/debathalal\",\"https:\/\/x.com\/DebatHalal\"]},{\"@type\":\"Person\",\"@id\":\"https:\/\/www.debat-halal.fr\/blog\/#\/schema\/person\/e4d8e852d1a4e403f8a5f365a87e0fec\",\"name\":\"Administrateur\",\"image\":{\"@type\":\"ImageObject\",\"inLanguage\":\"fr-FR\",\"@id\":\"https:\/\/www.debat-halal.fr\/blog\/#\/schema\/person\/image\/\",\"url\":\"https:\/\/www.debat-halal.fr\/blog\/wp-content\/uploads\/2014\/07\/debat-halal-150x43.png\",\"contentUrl\":\"https:\/\/www.debat-halal.fr\/blog\/wp-content\/uploads\/2014\/07\/debat-halal-150x43.png\",\"caption\":\"Administrateur\"},\"url\":\"https:\/\/www.debat-halal.fr\/blog\/author\/baker\/\"}]}<\/script>\n<!-- \/ Yoast SEO plugin. -->","yoast_head_json":{"title":"Les magasins E.LECLERC veulent aussi leur part du g\u00e2teau - D\u00e9bat Halal","robots":{"index":"index","follow":"follow","max-snippet":"max-snippet:-1","max-image-preview":"max-image-preview:large","max-video-preview":"max-video-preview:-1"},"canonical":"https:\/\/www.debat-halal.fr\/blog\/les-magasins-e-leclerc-veulent-aussi-leur-part-du-gateau\/","og_locale":"fr_FR","og_type":"article","og_title":"Les magasins E.LECLERC veulent aussi leur part du g\u00e2teau - D\u00e9bat Halal","og_description":"Incessamment sous peu, vous d\u00e9couvrirez de nouveaux produits estampill\u00e9s \u00ab\u00a0halal\u00a0\u00bb\u00a0chez E.LECLERC sous leur propre marque \u00ab\u00a0Marque Rep\u00e8re\u00a0\u00bb. Prochainement, nous publierons un article complet sur","og_url":"https:\/\/www.debat-halal.fr\/blog\/les-magasins-e-leclerc-veulent-aussi-leur-part-du-gateau\/","og_site_name":"D\u00e9bat Halal","article_publisher":"https:\/\/www.facebook.com\/debathalal","article_published_time":"2011-01-05T11:40:57+00:00","article_modified_time":"2011-01-06T15:58:39+00:00","og_image":[{"width":470,"height":137,"url":"https:\/\/www.debat-halal.fr\/blog\/wp-content\/uploads\/2014\/07\/debat-halal.png","type":"image\/png"}],"author":"Administrateur","twitter_card":"summary_large_image","twitter_creator":"@DebatHalal","twitter_site":"@DebatHalal","twitter_misc":{"\u00c9crit par":"Administrateur","Dur\u00e9e de lecture estim\u00e9e":"1 minute"},"schema":{"@context":"https:\/\/schema.org","@graph":[{"@type":"Article","@id":"https:\/\/www.debat-halal.fr\/blog\/les-magasins-e-leclerc-veulent-aussi-leur-part-du-gateau\/#article","isPartOf":{"@id":"https:\/\/www.debat-halal.fr\/blog\/les-magasins-e-leclerc-veulent-aussi-leur-part-du-gateau\/"},"author":{"name":"Administrateur","@id":"https:\/\/www.debat-halal.fr\/blog\/#\/schema\/person\/e4d8e852d1a4e403f8a5f365a87e0fec"},"headline":"Les magasins E.LECLERC veulent aussi leur part du g\u00e2teau","datePublished":"2011-01-05T11:40:57+00:00","dateModified":"2011-01-06T15:58:39+00:00","mainEntityOfPage":{"@id":"https:\/\/www.debat-halal.fr\/blog\/les-magasins-e-leclerc-veulent-aussi-leur-part-du-gateau\/"},"wordCount":137,"commentCount":1,"publisher":{"@id":"https:\/\/www.debat-halal.fr\/blog\/#organization"},"inLanguage":"fr-FR","potentialAction":[{"@type":"CommentAction","name":"Comment","target":["https:\/\/www.debat-halal.fr\/blog\/les-magasins-e-leclerc-veulent-aussi-leur-part-du-gateau\/#respond"]}]},{"@type":"WebPage","@id":"https:\/\/www.debat-halal.fr\/blog\/les-magasins-e-leclerc-veulent-aussi-leur-part-du-gateau\/","url":"https:\/\/www.debat-halal.fr\/blog\/les-magasins-e-leclerc-veulent-aussi-leur-part-du-gateau\/","name":"Les magasins E.LECLERC veulent aussi leur part du g\u00e2teau - D\u00e9bat Halal","isPartOf":{"@id":"https:\/\/www.debat-halal.fr\/blog\/#website"},"datePublished":"2011-01-05T11:40:57+00:00","dateModified":"2011-01-06T15:58:39+00:00","breadcrumb":{"@id":"https:\/\/www.debat-halal.fr\/blog\/les-magasins-e-leclerc-veulent-aussi-leur-part-du-gateau\/#breadcrumb"},"inLanguage":"fr-FR","potentialAction":[{"@type":"ReadAction","target":["https:\/\/www.debat-halal.fr\/blog\/les-magasins-e-leclerc-veulent-aussi-leur-part-du-gateau\/"]}]},{"@type":"BreadcrumbList","@id":"https:\/\/www.debat-halal.fr\/blog\/les-magasins-e-leclerc-veulent-aussi-leur-part-du-gateau\/#breadcrumb","itemListElement":[{"@type":"ListItem","position":1,"name":"Accueil","item":"https:\/\/www.debat-halal.fr\/blog\/"},{"@type":"ListItem","position":2,"name":"Les magasins E.LECLERC veulent aussi leur part du g\u00e2teau"}]},{"@type":"WebSite","@id":"https:\/\/www.debat-halal.fr\/blog\/#website","url":"https:\/\/www.debat-halal.fr\/blog\/","name":"D\u00e9bat Halal","description":"L\u2019information clair du v\u00e9ritable Halal !","publisher":{"@id":"https:\/\/www.debat-halal.fr\/blog\/#organization"},"potentialAction":[{"@type":"SearchAction","target":{"@type":"EntryPoint","urlTemplate":"https:\/\/www.debat-halal.fr\/blog\/?s={search_term_string}"},"query-input":{"@type":"PropertyValueSpecification","valueRequired":true,"valueName":"search_term_string"}}],"inLanguage":"fr-FR"},{"@type":"Organization","@id":"https:\/\/www.debat-halal.fr\/blog\/#organization","name":"D\u00e9bat Halal","url":"https:\/\/www.debat-halal.fr\/blog\/","logo":{"@type":"ImageObject","inLanguage":"fr-FR","@id":"https:\/\/www.debat-halal.fr\/blog\/#\/schema\/logo\/image\/","url":"https:\/\/www.debat-halal.fr\/blog\/wp-content\/uploads\/2014\/07\/debat-halal.png","contentUrl":"https:\/\/www.debat-halal.fr\/blog\/wp-content\/uploads\/2014\/07\/debat-halal.png","width":470,"height":137,"caption":"D\u00e9bat Halal"},"image":{"@id":"https:\/\/www.debat-halal.fr\/blog\/#\/schema\/logo\/image\/"},"sameAs":["https:\/\/www.facebook.com\/debathalal","https:\/\/x.com\/DebatHalal"]},{"@type":"Person","@id":"https:\/\/www.debat-halal.fr\/blog\/#\/schema\/person\/e4d8e852d1a4e403f8a5f365a87e0fec","name":"Administrateur","image":{"@type":"ImageObject","inLanguage":"fr-FR","@id":"https:\/\/www.debat-halal.fr\/blog\/#\/schema\/person\/image\/","url":"https:\/\/www.debat-halal.fr\/blog\/wp-content\/uploads\/2014\/07\/debat-halal-150x43.png","contentUrl":"https:\/\/www.debat-halal.fr\/blog\/wp-content\/uploads\/2014\/07\/debat-halal-150x43.png","caption":"Administrateur"},"url":"https:\/\/www.debat-halal.fr\/blog\/author\/baker\/"}]}},"_links":{"self":[{"href":"https:\/\/www.debat-halal.fr\/blog\/wp-json\/wp\/v2\/posts\/299","targetHints":{"allow":["GET"]}}],"collection":[{"href":"https:\/\/www.debat-halal.fr\/blog\/wp-json\/wp\/v2\/posts"}],"about":[{"href":"https:\/\/www.debat-halal.fr\/blog\/wp-json\/wp\/v2\/types\/post"}],"author":[{"embeddable":true,"href":"https:\/\/www.debat-halal.fr\/blog\/wp-json\/wp\/v2\/users\/1"}],"replies":[{"embeddable":true,"href":"https:\/\/www.debat-halal.fr\/blog\/wp-json\/wp\/v2\/comments?post=299"}],"version-history":[{"count":3,"href":"https:\/\/www.debat-halal.fr\/blog\/wp-json\/wp\/v2\/posts\/299\/revisions"}],"predecessor-version":[{"id":306,"href":"https:\/\/www.debat-halal.fr\/blog\/wp-json\/wp\/v2\/posts\/299\/revisions\/306"}],"wp:attachment":[{"href":"https:\/\/www.debat-halal.fr\/blog\/wp-json\/wp\/v2\/media?parent=299"}],"wp:term":[{"taxonomy":"category","embeddable":true,"href":"https:\/\/www.debat-halal.fr\/blog\/wp-json\/wp\/v2\/categories?post=299"},{"taxonomy":"post_tag","embeddable":true,"href":"https:\/\/www.debat-halal.fr\/blog\/wp-json\/wp\/v2\/tags?post=299"}],"curies":[{"name":"wp","href":"https:\/\/api.w.org\/{rel}","templated":true}]}}