{"id":589,"date":"2011-01-28T19:10:05","date_gmt":"2011-01-28T18:10:05","guid":{"rendered":"http:\/\/www.debat-halal.fr\/blog\/?p=589"},"modified":"2011-01-28T20:04:45","modified_gmt":"2011-01-28T19:04:45","slug":"enfin-une-organisation-musulmane-demande-des-comptes","status":"publish","type":"post","link":"https:\/\/www.debat-halal.fr\/blog\/enfin-une-organisation-musulmane-demande-des-comptes\/","title":{"rendered":"Enfin, une organisation musulmane demande des comptes"},"content":{"rendered":"<div class=\"mceTemp mceIEcenter\" style=\"text-align: left;\">\n<p>Ce matin en ouvrant un mail, alors que nous lisions la premi\u00e8re ligne, nous avons tous \u00e9t\u00e9\u00a0 gagn\u00e9s par des frissons.\u00a0<\/p>\n<p>Lorsque nous avons lu \u00ab\u00a0 <em>du porc dans les saucisses halal, le Syndicat des Professionnels musulmans demande des comptes<\/em>\u00a0\u00bb, nous avons d\u2019abord cru \u00e0 une blague, nous nous sommes mutuellement pinc\u00e9s, mais nous n\u2019\u00e9tions pas dans un r\u00eave\u2026.\u00a0<\/p>\n<p><strong>Un Syndicat Musulman demande des comptes sur une situation grave \u00e0 un industriel et \u00e0 un certificateur<\/strong>. Jamais avant cela une organisation musulmane n\u2019avait pris<img decoding=\"async\" title=\"Lire la suite\u2026\" src=\"http:\/\/www.debat-halal.fr\/blog\/wp-includes\/js\/tinymce\/plugins\/wordpress\/img\/trans.gif\" alt=\"\" \/> <!--more-->la parole pour d\u00e9fendre les int\u00e9r\u00eats de ses coreligionnaires. Et bien aujourd\u2019hui, c\u2019est chose faite.\u00a0<\/p>\n<p>Nous avons l\u2019impression que l\u2019ann\u00e9e 2011 est l\u2019ann\u00e9e de la r\u00e9volution. Lorsque le peuple tunisien s\u2019est r\u00e9volt\u00e9, il a eu raison de sa dictature. Lorsqu\u2019un site internet fait analyser des produits de l\u2019incontournable Nestl\u00e9 et y d\u00e9c\u00e8le du porc, il n\u2019a pas eu peur de s\u2019attaquer au plus gros de ce march\u00e9.\u00a0<\/p>\n<p>Et aujourd\u2019hui, un Syndicat de Professionnels qui prend publiquement la d\u00e9fense des consommateurs musulmans<strong>, cela fait chaud au c\u0153ur&#8230;<\/strong>\u00a0<\/p>\n<p>Nous demandons \u00e0 toutes les organisations repr\u00e9sentatives des musulmans de France de prendre leur courage et de faire un communiqu\u00e9 demandant \u00e0 HERTA (Nestl\u00e9) ainsi qu\u2019\u00e0 SFCVH (Mosqu\u00e9e de Paris) d\u2019apporter des justificatifs et des \u00e9l\u00e9ments de r\u00e9ponse aux questions que se posent les consommateurs de produits halal.\u00a0<\/p>\n<p>Aujourd\u2019hui, le train de la r\u00e9volution est en route. Aujourd\u2019hui, vous, organisations repr\u00e9sentatives des musulmans de France, vous devez vous positionner pour d\u00e9fendre les int\u00e9r\u00eats de vos coreligionnaires.\u00a0<\/p>\n<p>Il ne faut pas avoir peur de demander des comptes publiquement \u00e0 des soci\u00e9t\u00e9s qui bafouent le droit le plus \u00e9l\u00e9mentaire de votre communaut\u00e9\u00a0: l\u2019information juste et pr\u00e9cise.\u00a0<\/p>\n<p>Nous attendons des organisations repr\u00e9sentatives des musulmans de France et des personnalit\u00e9s musulmanes influentes qu\u2019ils publient un communiqu\u00e9 qui demande que toute la lumi\u00e8re soit faite sur cette affaire.\u00a0<\/p>\n<p>Nous nous engageons \u00e0 publier et \u00e0 r\u00e9pertorier sur notre site tous les communiqu\u00e9s \u00e9manant des organisations qui souhaitent r\u00e9ellement \u0153uvrer pour l\u2019int\u00e9r\u00eat de la communaut\u00e9 musulmane.\u00a0<\/p>\n<p>Nous tenons \u00e0 remercier le Pr\u00e9sident du Syndicat des Professionnels Musulmans de France pour son courage. Nous invoquons ALLAH SWAT pour qu\u2019Il lui donne la force de continuer de d\u00e9fendre les coreligionnaires\u2026.\u00a0<\/p>\n<div class=\"mceTemp mceIEcenter\">\u00a0<\/div>\n<div id=\"attachment_590\" style=\"width: 605px\" class=\"wp-caption aligncenter\"><a rel=\"attachment wp-att-590\" href=\"http:\/\/www.debat-halal.fr\/blog\/2011\/01\/enfin-une-organisation-musulmane-demande-des-comptes\/communique-spmf-2\/\"><img loading=\"lazy\" decoding=\"async\" aria-describedby=\"caption-attachment-590\" class=\"size-full wp-image-590\" title=\"communiqu\u00e9 SPMF\" src=\"http:\/\/www.debat-halal.fr\/blog\/wp-content\/uploads\/2011\/01\/communiqu\u00e9-SPMF.jpg\" alt=\"\" width=\"595\" height=\"842\" srcset=\"https:\/\/www.debat-halal.fr\/blog\/wp-content\/uploads\/2011\/01\/communiqu\u00e9-SPMF.jpg 595w, https:\/\/www.debat-halal.fr\/blog\/wp-content\/uploads\/2011\/01\/communiqu\u00e9-SPMF-105x150.jpg 105w, https:\/\/www.debat-halal.fr\/blog\/wp-content\/uploads\/2011\/01\/communiqu\u00e9-SPMF-211x300.jpg 211w\" sizes=\"auto, (max-width: 595px) 100vw, 595px\" \/><\/a><p id=\"caption-attachment-590\" class=\"wp-caption-text\">Cliquez pour agrandir<\/p><\/div>\n<\/div>\n","protected":false},"excerpt":{"rendered":"<p>Ce matin en ouvrant un mail, alors que nous lisions la premi\u00e8re ligne, nous avons tous \u00e9t\u00e9\u00a0 gagn\u00e9s par des frissons.\u00a0 Lorsque nous avons lu \u00ab\u00a0 du porc dans les saucisses halal, le Syndicat des Professionnels musulmans demande des comptes\u00a0\u00bb, nous avons d\u2019abord cru \u00e0 une blague, nous nous sommes mutuellement pinc\u00e9s, mais nous n\u2019\u00e9tions [&hellip;]<\/p>\n","protected":false},"author":1,"featured_media":0,"comment_status":"open","ping_status":"open","sticky":false,"template":"","format":"standard","meta":{"footnotes":""},"categories":[1],"tags":[],"class_list":["post-589","post","type-post","status-publish","format-standard","hentry","category-non-classe"],"acf":[],"yoast_head":"<!-- This site is optimized with the Yoast SEO plugin v24.7 - https:\/\/yoast.com\/wordpress\/plugins\/seo\/ -->\n<title>Enfin, une organisation musulmane demande des comptes - D\u00e9bat Halal<\/title>\n<meta name=\"robots\" content=\"index, follow, max-snippet:-1, max-image-preview:large, max-video-preview:-1\" \/>\n<link rel=\"canonical\" href=\"https:\/\/www.debat-halal.fr\/blog\/enfin-une-organisation-musulmane-demande-des-comptes\/\" \/>\n<meta property=\"og:locale\" content=\"fr_FR\" \/>\n<meta property=\"og:type\" content=\"article\" \/>\n<meta property=\"og:title\" content=\"Enfin, une organisation musulmane demande des comptes - D\u00e9bat Halal\" \/>\n<meta property=\"og:description\" content=\"Ce matin en ouvrant un mail, alors que nous lisions la premi\u00e8re ligne, nous avons tous \u00e9t\u00e9\u00a0 gagn\u00e9s par des frissons.\u00a0 Lorsque nous avons lu \u00ab\u00a0 du porc dans les saucisses halal, le Syndicat des Professionnels musulmans demande des comptes\u00a0\u00bb, nous avons d\u2019abord cru \u00e0 une blague, nous nous sommes mutuellement pinc\u00e9s, mais nous n\u2019\u00e9tions [&hellip;]\" \/>\n<meta property=\"og:url\" content=\"https:\/\/www.debat-halal.fr\/blog\/enfin-une-organisation-musulmane-demande-des-comptes\/\" \/>\n<meta property=\"og:site_name\" content=\"D\u00e9bat Halal\" \/>\n<meta property=\"article:publisher\" content=\"https:\/\/www.facebook.com\/debathalal\" \/>\n<meta property=\"article:published_time\" content=\"2011-01-28T18:10:05+00:00\" \/>\n<meta property=\"article:modified_time\" content=\"2011-01-28T19:04:45+00:00\" \/>\n<meta property=\"og:image\" content=\"http:\/\/www.debat-halal.fr\/blog\/wp-includes\/js\/tinymce\/plugins\/wordpress\/img\/trans.gif\" \/>\n<meta name=\"author\" content=\"Administrateur\" \/>\n<meta name=\"twitter:card\" content=\"summary_large_image\" \/>\n<meta name=\"twitter:creator\" content=\"@DebatHalal\" \/>\n<meta name=\"twitter:site\" content=\"@DebatHalal\" \/>\n<meta name=\"twitter:label1\" content=\"\u00c9crit par\" \/>\n\t<meta name=\"twitter:data1\" content=\"Administrateur\" \/>\n\t<meta name=\"twitter:label2\" content=\"Dur\u00e9e de lecture estim\u00e9e\" \/>\n\t<meta name=\"twitter:data2\" content=\"2 minutes\" \/>\n<script type=\"application\/ld+json\" class=\"yoast-schema-graph\">{\"@context\":\"https:\/\/schema.org\",\"@graph\":[{\"@type\":\"Article\",\"@id\":\"https:\/\/www.debat-halal.fr\/blog\/enfin-une-organisation-musulmane-demande-des-comptes\/#article\",\"isPartOf\":{\"@id\":\"https:\/\/www.debat-halal.fr\/blog\/enfin-une-organisation-musulmane-demande-des-comptes\/\"},\"author\":{\"name\":\"Administrateur\",\"@id\":\"https:\/\/www.debat-halal.fr\/blog\/#\/schema\/person\/e4d8e852d1a4e403f8a5f365a87e0fec\"},\"headline\":\"Enfin, une organisation musulmane demande des comptes\",\"datePublished\":\"2011-01-28T18:10:05+00:00\",\"dateModified\":\"2011-01-28T19:04:45+00:00\",\"mainEntityOfPage\":{\"@id\":\"https:\/\/www.debat-halal.fr\/blog\/enfin-une-organisation-musulmane-demande-des-comptes\/\"},\"wordCount\":428,\"commentCount\":1,\"publisher\":{\"@id\":\"https:\/\/www.debat-halal.fr\/blog\/#organization\"},\"image\":{\"@id\":\"https:\/\/www.debat-halal.fr\/blog\/enfin-une-organisation-musulmane-demande-des-comptes\/#primaryimage\"},\"thumbnailUrl\":\"http:\/\/www.debat-halal.fr\/blog\/wp-includes\/js\/tinymce\/plugins\/wordpress\/img\/trans.gif\",\"inLanguage\":\"fr-FR\",\"potentialAction\":[{\"@type\":\"CommentAction\",\"name\":\"Comment\",\"target\":[\"https:\/\/www.debat-halal.fr\/blog\/enfin-une-organisation-musulmane-demande-des-comptes\/#respond\"]}]},{\"@type\":\"WebPage\",\"@id\":\"https:\/\/www.debat-halal.fr\/blog\/enfin-une-organisation-musulmane-demande-des-comptes\/\",\"url\":\"https:\/\/www.debat-halal.fr\/blog\/enfin-une-organisation-musulmane-demande-des-comptes\/\",\"name\":\"Enfin, une organisation musulmane demande des comptes - D\u00e9bat Halal\",\"isPartOf\":{\"@id\":\"https:\/\/www.debat-halal.fr\/blog\/#website\"},\"primaryImageOfPage\":{\"@id\":\"https:\/\/www.debat-halal.fr\/blog\/enfin-une-organisation-musulmane-demande-des-comptes\/#primaryimage\"},\"image\":{\"@id\":\"https:\/\/www.debat-halal.fr\/blog\/enfin-une-organisation-musulmane-demande-des-comptes\/#primaryimage\"},\"thumbnailUrl\":\"http:\/\/www.debat-halal.fr\/blog\/wp-includes\/js\/tinymce\/plugins\/wordpress\/img\/trans.gif\",\"datePublished\":\"2011-01-28T18:10:05+00:00\",\"dateModified\":\"2011-01-28T19:04:45+00:00\",\"breadcrumb\":{\"@id\":\"https:\/\/www.debat-halal.fr\/blog\/enfin-une-organisation-musulmane-demande-des-comptes\/#breadcrumb\"},\"inLanguage\":\"fr-FR\",\"potentialAction\":[{\"@type\":\"ReadAction\",\"target\":[\"https:\/\/www.debat-halal.fr\/blog\/enfin-une-organisation-musulmane-demande-des-comptes\/\"]}]},{\"@type\":\"ImageObject\",\"inLanguage\":\"fr-FR\",\"@id\":\"https:\/\/www.debat-halal.fr\/blog\/enfin-une-organisation-musulmane-demande-des-comptes\/#primaryimage\",\"url\":\"http:\/\/www.debat-halal.fr\/blog\/wp-includes\/js\/tinymce\/plugins\/wordpress\/img\/trans.gif\",\"contentUrl\":\"http:\/\/www.debat-halal.fr\/blog\/wp-includes\/js\/tinymce\/plugins\/wordpress\/img\/trans.gif\"},{\"@type\":\"BreadcrumbList\",\"@id\":\"https:\/\/www.debat-halal.fr\/blog\/enfin-une-organisation-musulmane-demande-des-comptes\/#breadcrumb\",\"itemListElement\":[{\"@type\":\"ListItem\",\"position\":1,\"name\":\"Accueil\",\"item\":\"https:\/\/www.debat-halal.fr\/blog\/\"},{\"@type\":\"ListItem\",\"position\":2,\"name\":\"Enfin, une organisation musulmane demande des comptes\"}]},{\"@type\":\"WebSite\",\"@id\":\"https:\/\/www.debat-halal.fr\/blog\/#website\",\"url\":\"https:\/\/www.debat-halal.fr\/blog\/\",\"name\":\"D\u00e9bat Halal\",\"description\":\"L\u2019information clair du v\u00e9ritable Halal !\",\"publisher\":{\"@id\":\"https:\/\/www.debat-halal.fr\/blog\/#organization\"},\"potentialAction\":[{\"@type\":\"SearchAction\",\"target\":{\"@type\":\"EntryPoint\",\"urlTemplate\":\"https:\/\/www.debat-halal.fr\/blog\/?s={search_term_string}\"},\"query-input\":{\"@type\":\"PropertyValueSpecification\",\"valueRequired\":true,\"valueName\":\"search_term_string\"}}],\"inLanguage\":\"fr-FR\"},{\"@type\":\"Organization\",\"@id\":\"https:\/\/www.debat-halal.fr\/blog\/#organization\",\"name\":\"D\u00e9bat Halal\",\"url\":\"https:\/\/www.debat-halal.fr\/blog\/\",\"logo\":{\"@type\":\"ImageObject\",\"inLanguage\":\"fr-FR\",\"@id\":\"https:\/\/www.debat-halal.fr\/blog\/#\/schema\/logo\/image\/\",\"url\":\"https:\/\/www.debat-halal.fr\/blog\/wp-content\/uploads\/2014\/07\/debat-halal.png\",\"contentUrl\":\"https:\/\/www.debat-halal.fr\/blog\/wp-content\/uploads\/2014\/07\/debat-halal.png\",\"width\":470,\"height\":137,\"caption\":\"D\u00e9bat Halal\"},\"image\":{\"@id\":\"https:\/\/www.debat-halal.fr\/blog\/#\/schema\/logo\/image\/\"},\"sameAs\":[\"https:\/\/www.facebook.com\/debathalal\",\"https:\/\/x.com\/DebatHalal\"]},{\"@type\":\"Person\",\"@id\":\"https:\/\/www.debat-halal.fr\/blog\/#\/schema\/person\/e4d8e852d1a4e403f8a5f365a87e0fec\",\"name\":\"Administrateur\",\"image\":{\"@type\":\"ImageObject\",\"inLanguage\":\"fr-FR\",\"@id\":\"https:\/\/www.debat-halal.fr\/blog\/#\/schema\/person\/image\/\",\"url\":\"https:\/\/www.debat-halal.fr\/blog\/wp-content\/uploads\/2014\/07\/debat-halal-150x43.png\",\"contentUrl\":\"https:\/\/www.debat-halal.fr\/blog\/wp-content\/uploads\/2014\/07\/debat-halal-150x43.png\",\"caption\":\"Administrateur\"},\"url\":\"https:\/\/www.debat-halal.fr\/blog\/author\/baker\/\"}]}<\/script>\n<!-- \/ Yoast SEO plugin. -->","yoast_head_json":{"title":"Enfin, une organisation musulmane demande des comptes - D\u00e9bat Halal","robots":{"index":"index","follow":"follow","max-snippet":"max-snippet:-1","max-image-preview":"max-image-preview:large","max-video-preview":"max-video-preview:-1"},"canonical":"https:\/\/www.debat-halal.fr\/blog\/enfin-une-organisation-musulmane-demande-des-comptes\/","og_locale":"fr_FR","og_type":"article","og_title":"Enfin, une organisation musulmane demande des comptes - D\u00e9bat Halal","og_description":"Ce matin en ouvrant un mail, alors que nous lisions la premi\u00e8re ligne, nous avons tous \u00e9t\u00e9\u00a0 gagn\u00e9s par des frissons.\u00a0 Lorsque nous avons lu \u00ab\u00a0 du porc dans les saucisses halal, le Syndicat des Professionnels musulmans demande des comptes\u00a0\u00bb, nous avons d\u2019abord cru \u00e0 une blague, nous nous sommes mutuellement pinc\u00e9s, mais nous n\u2019\u00e9tions [&hellip;]","og_url":"https:\/\/www.debat-halal.fr\/blog\/enfin-une-organisation-musulmane-demande-des-comptes\/","og_site_name":"D\u00e9bat Halal","article_publisher":"https:\/\/www.facebook.com\/debathalal","article_published_time":"2011-01-28T18:10:05+00:00","article_modified_time":"2011-01-28T19:04:45+00:00","og_image":[{"url":"http:\/\/www.debat-halal.fr\/blog\/wp-includes\/js\/tinymce\/plugins\/wordpress\/img\/trans.gif","type":"","width":"","height":""}],"author":"Administrateur","twitter_card":"summary_large_image","twitter_creator":"@DebatHalal","twitter_site":"@DebatHalal","twitter_misc":{"\u00c9crit par":"Administrateur","Dur\u00e9e de lecture estim\u00e9e":"2 minutes"},"schema":{"@context":"https:\/\/schema.org","@graph":[{"@type":"Article","@id":"https:\/\/www.debat-halal.fr\/blog\/enfin-une-organisation-musulmane-demande-des-comptes\/#article","isPartOf":{"@id":"https:\/\/www.debat-halal.fr\/blog\/enfin-une-organisation-musulmane-demande-des-comptes\/"},"author":{"name":"Administrateur","@id":"https:\/\/www.debat-halal.fr\/blog\/#\/schema\/person\/e4d8e852d1a4e403f8a5f365a87e0fec"},"headline":"Enfin, une organisation musulmane demande des comptes","datePublished":"2011-01-28T18:10:05+00:00","dateModified":"2011-01-28T19:04:45+00:00","mainEntityOfPage":{"@id":"https:\/\/www.debat-halal.fr\/blog\/enfin-une-organisation-musulmane-demande-des-comptes\/"},"wordCount":428,"commentCount":1,"publisher":{"@id":"https:\/\/www.debat-halal.fr\/blog\/#organization"},"image":{"@id":"https:\/\/www.debat-halal.fr\/blog\/enfin-une-organisation-musulmane-demande-des-comptes\/#primaryimage"},"thumbnailUrl":"http:\/\/www.debat-halal.fr\/blog\/wp-includes\/js\/tinymce\/plugins\/wordpress\/img\/trans.gif","inLanguage":"fr-FR","potentialAction":[{"@type":"CommentAction","name":"Comment","target":["https:\/\/www.debat-halal.fr\/blog\/enfin-une-organisation-musulmane-demande-des-comptes\/#respond"]}]},{"@type":"WebPage","@id":"https:\/\/www.debat-halal.fr\/blog\/enfin-une-organisation-musulmane-demande-des-comptes\/","url":"https:\/\/www.debat-halal.fr\/blog\/enfin-une-organisation-musulmane-demande-des-comptes\/","name":"Enfin, une organisation musulmane demande des comptes - D\u00e9bat Halal","isPartOf":{"@id":"https:\/\/www.debat-halal.fr\/blog\/#website"},"primaryImageOfPage":{"@id":"https:\/\/www.debat-halal.fr\/blog\/enfin-une-organisation-musulmane-demande-des-comptes\/#primaryimage"},"image":{"@id":"https:\/\/www.debat-halal.fr\/blog\/enfin-une-organisation-musulmane-demande-des-comptes\/#primaryimage"},"thumbnailUrl":"http:\/\/www.debat-halal.fr\/blog\/wp-includes\/js\/tinymce\/plugins\/wordpress\/img\/trans.gif","datePublished":"2011-01-28T18:10:05+00:00","dateModified":"2011-01-28T19:04:45+00:00","breadcrumb":{"@id":"https:\/\/www.debat-halal.fr\/blog\/enfin-une-organisation-musulmane-demande-des-comptes\/#breadcrumb"},"inLanguage":"fr-FR","potentialAction":[{"@type":"ReadAction","target":["https:\/\/www.debat-halal.fr\/blog\/enfin-une-organisation-musulmane-demande-des-comptes\/"]}]},{"@type":"ImageObject","inLanguage":"fr-FR","@id":"https:\/\/www.debat-halal.fr\/blog\/enfin-une-organisation-musulmane-demande-des-comptes\/#primaryimage","url":"http:\/\/www.debat-halal.fr\/blog\/wp-includes\/js\/tinymce\/plugins\/wordpress\/img\/trans.gif","contentUrl":"http:\/\/www.debat-halal.fr\/blog\/wp-includes\/js\/tinymce\/plugins\/wordpress\/img\/trans.gif"},{"@type":"BreadcrumbList","@id":"https:\/\/www.debat-halal.fr\/blog\/enfin-une-organisation-musulmane-demande-des-comptes\/#breadcrumb","itemListElement":[{"@type":"ListItem","position":1,"name":"Accueil","item":"https:\/\/www.debat-halal.fr\/blog\/"},{"@type":"ListItem","position":2,"name":"Enfin, une organisation musulmane demande des comptes"}]},{"@type":"WebSite","@id":"https:\/\/www.debat-halal.fr\/blog\/#website","url":"https:\/\/www.debat-halal.fr\/blog\/","name":"D\u00e9bat Halal","description":"L\u2019information clair du v\u00e9ritable Halal !","publisher":{"@id":"https:\/\/www.debat-halal.fr\/blog\/#organization"},"potentialAction":[{"@type":"SearchAction","target":{"@type":"EntryPoint","urlTemplate":"https:\/\/www.debat-halal.fr\/blog\/?s={search_term_string}"},"query-input":{"@type":"PropertyValueSpecification","valueRequired":true,"valueName":"search_term_string"}}],"inLanguage":"fr-FR"},{"@type":"Organization","@id":"https:\/\/www.debat-halal.fr\/blog\/#organization","name":"D\u00e9bat Halal","url":"https:\/\/www.debat-halal.fr\/blog\/","logo":{"@type":"ImageObject","inLanguage":"fr-FR","@id":"https:\/\/www.debat-halal.fr\/blog\/#\/schema\/logo\/image\/","url":"https:\/\/www.debat-halal.fr\/blog\/wp-content\/uploads\/2014\/07\/debat-halal.png","contentUrl":"https:\/\/www.debat-halal.fr\/blog\/wp-content\/uploads\/2014\/07\/debat-halal.png","width":470,"height":137,"caption":"D\u00e9bat Halal"},"image":{"@id":"https:\/\/www.debat-halal.fr\/blog\/#\/schema\/logo\/image\/"},"sameAs":["https:\/\/www.facebook.com\/debathalal","https:\/\/x.com\/DebatHalal"]},{"@type":"Person","@id":"https:\/\/www.debat-halal.fr\/blog\/#\/schema\/person\/e4d8e852d1a4e403f8a5f365a87e0fec","name":"Administrateur","image":{"@type":"ImageObject","inLanguage":"fr-FR","@id":"https:\/\/www.debat-halal.fr\/blog\/#\/schema\/person\/image\/","url":"https:\/\/www.debat-halal.fr\/blog\/wp-content\/uploads\/2014\/07\/debat-halal-150x43.png","contentUrl":"https:\/\/www.debat-halal.fr\/blog\/wp-content\/uploads\/2014\/07\/debat-halal-150x43.png","caption":"Administrateur"},"url":"https:\/\/www.debat-halal.fr\/blog\/author\/baker\/"}]}},"_links":{"self":[{"href":"https:\/\/www.debat-halal.fr\/blog\/wp-json\/wp\/v2\/posts\/589","targetHints":{"allow":["GET"]}}],"collection":[{"href":"https:\/\/www.debat-halal.fr\/blog\/wp-json\/wp\/v2\/posts"}],"about":[{"href":"https:\/\/www.debat-halal.fr\/blog\/wp-json\/wp\/v2\/types\/post"}],"author":[{"embeddable":true,"href":"https:\/\/www.debat-halal.fr\/blog\/wp-json\/wp\/v2\/users\/1"}],"replies":[{"embeddable":true,"href":"https:\/\/www.debat-halal.fr\/blog\/wp-json\/wp\/v2\/comments?post=589"}],"version-history":[{"count":15,"href":"https:\/\/www.debat-halal.fr\/blog\/wp-json\/wp\/v2\/posts\/589\/revisions"}],"predecessor-version":[{"id":605,"href":"https:\/\/www.debat-halal.fr\/blog\/wp-json\/wp\/v2\/posts\/589\/revisions\/605"}],"wp:attachment":[{"href":"https:\/\/www.debat-halal.fr\/blog\/wp-json\/wp\/v2\/media?parent=589"}],"wp:term":[{"taxonomy":"category","embeddable":true,"href":"https:\/\/www.debat-halal.fr\/blog\/wp-json\/wp\/v2\/categories?post=589"},{"taxonomy":"post_tag","embeddable":true,"href":"https:\/\/www.debat-halal.fr\/blog\/wp-json\/wp\/v2\/tags?post=589"}],"curies":[{"name":"wp","href":"https:\/\/api.w.org\/{rel}","templated":true}]}}