{"id":767,"date":"2011-03-19T13:05:11","date_gmt":"2011-03-19T12:05:11","guid":{"rendered":"http:\/\/www.debat-halal.fr\/blog\/?p=767"},"modified":"2011-03-19T13:05:11","modified_gmt":"2011-03-19T12:05:11","slug":"le-salon-ethnic-foods-europe-a-brussel","status":"publish","type":"post","link":"https:\/\/www.debat-halal.fr\/blog\/le-salon-ethnic-foods-europe-a-brussel\/","title":{"rendered":"Le Salon Ethnic Foods Europe \u00e0 Brussel"},"content":{"rendered":"<p>Cette semaine s\u2019est d\u00e9roul\u00e9 le salon Ethnic Foods Europe (<a href=\"http:\/\/www.ethnicfoodseurope.com\/\">www.ethnicfoodseurope.com<\/a>) \u00e0 Brussel o\u00f9 j\u2019y \u00e9tais personnellement en tant qu\u2019exposant.<\/p>\n<p><img loading=\"lazy\" decoding=\"async\" title=\"flou1\" src=\"http:\/\/www.debat-halal.fr\/blog\/wp-content\/uploads\/2011\/03\/flou1-1024x682.jpg\" alt=\"\" width=\"560\" height=\"372\" \/><\/p>\n<p>C\u2019\u00e9tait un salon tr\u00e8s sympathique et convivial ou la plupart des exposants pr\u00e9sentaient des produits ethniques.<\/p>\n<p>S\u2019y trouvaient \u00e9galement quelques exposants proposant des <!--more-->produits halal (Halaland, Mekkafood, Anur \u2026) et un organisme de certification (Halal Correct).<\/p>\n<p>Bien evidemment, la v\u00e9racit\u00e9 du halal n\u2019est pas un crit\u00e8re pour exposer, tout comme le salon Paris Expo Halal pr\u00e9vu les 28 et 29 mars prochain \u00e0 Paris o\u00f9 en aucun cas un exposant n\u2019est contraint d\u2019afficher par qui il est certifi\u00e9 et quelles sont les conditions d\u2019abattage islamique qu\u2019il pratique.<\/p>\n<p>Il faut dire que les visiteurs n\u2019\u00e9taient pas en grand nombre, mais qu\u2019ils \u00e9taient de grande qualit\u00e9\u00a0: g\u00e9n\u00e9ralement, des acheteurs de la grande distribution europ\u00e9enne, des d\u00e9cideurs et propri\u00e9taires de magasins (assez rares sur d\u2019autres salons o\u00f9 j\u2019ai pu exposer) ainsi que pas mal de grossistes.<\/p>\n<p>J\u2019ai eu le plaisir de rencontrer la d\u00e9l\u00e9gation emmen\u00e9e par le SPMF (Synergie des Professionnels \u00a0Musulmans de France &#8211; <a href=\"http:\/\/www.spmf.info\/\">www.spmf.info<\/a>) o\u00f9 j\u2019ai pu faire la connaissance d\u2019entrepreneurs musulmans tr\u00e8s actifs et dynamiques dans leurs secteurs.<\/p>\n<p>Cela fait plaisir de voir que des professionnels musulmans r\u00e9ussissent tout en respectant la pratique rigoureuse de notre belle religion, l&rsquo;Islam.<\/p>\n<p>J\u2019ai eu la visite sur mon stand d\u2019un tr\u00e8s gros abattoir de poulets ayant son activit\u00e9 en Hollande qui m\u2019a demand\u00e9 si j\u2019avais l\u2019int\u00e9r\u00eat de mettre en place une collaboration avec lui. Mais lorsque je lui ai expliqu\u00e9 mon fonctionnement ainsi que le v\u00e9ritable abattage halal qui est un abattage manuel sans \u00e9tourdissement, il m\u2019a r\u00e9pondu qu\u2019il \u00e9tait impossible de proc\u00e9der ainsi au vu des cadences industrielles pratiqu\u00e9es (9\u00a0500 poulets par heure pour cet abattoir) et qu\u2019il proc\u00e9dait m\u00e9caniquement \u00e0 l\u2019abattage des poulets.<\/p>\n<p>Il m\u2019a alors sorti de sa sacoche un certificat annuel d\u00e9livr\u00e9 par Halal Correct (pr\u00e9sent \u00e0 ce salon).<\/p>\n<p>Ensuite, pareillement, un abattoir belge est venu me voir pour cr\u00e9er une synergie avec moi et il m\u2019a d\u00e9crit ses m\u00e9thodes. Il m\u2019a alors expliqu\u00e9 qu\u2019un sacrificateur musulman, commence l\u2019abattage manuellement pour \u00ab\u00a0montrer\u00a0\u00bb\u00a0\ud83d\ude09\u00a0\u00e0 la machine comment elle doit proc\u00e9der lorsqu\u2019il s\u2019en retirera afin de laisser place \u00e0 la scie \u00e9lectrique qui prendra le relais m\u00e9caniquement. Puisque le sacrificateur aura d\u00e9but\u00e9 les\u00a020 ou\u00a030 premiers poulets, ce qui suivra sera forc\u00e9ment halal. <strong><span style=\"text-decoration: underline;\">Incroyable mais vrai.<\/span><\/strong><\/p>\n<p>Comme par hasard, la certification est assur\u00e9e par la SFCVH\/Mosqu\u00e9e de Paris qui autorise l\u2019apposition de son label sur les cartons moyennant quelques centimes d\u2019euros du kilo, et le tour est jou\u00e9.<\/p>\n<p>Les abattoirs avec la complicit\u00e9 d&rsquo;organismes peux scrupuleux prennent vraiment les consomatteurs de produits halal pour des demeur\u00e9s et s\u2019en amusent.<\/p>\n<p>D\u2019ailleurs, je reviendrais dans une prochaine chronique expliquer aux lecteurs de d\u00e9bat-halal comment la SFCVH\/Mosqu\u00e9e de Paris cherche \u00e0 me faire taire alors que je n\u2019ai encore rien dit \u00e0 leurs\u00a0\u00e9gards concernant leurs pratiques scandaleuses.<\/p>\n<p>Quoi qu\u2019il en soit, je tenais \u00e0 remercier le stand Nawhal\u2019s (<a href=\"http:\/\/www.nawhals.com\">www.nawhals.com<\/a>) aupr\u00e8s duquel je me suis restaur\u00e9 durant ces 3 jours avec des sandwichs venant tout droit de leur concept de fastfood Urban Food (<a href=\"http:\/\/www.urbanfoodmaker.be\/\">www.urbanfoodmaker.be<\/a>) dont la viande provenait de la soci\u00e9t\u00e9 Bilad (<a href=\"http:\/\/www.bilad.fr\/\">www.bilad.fr<\/a>) certifi\u00e9e par AVS\/A votre service (<a href=\"http:\/\/www.halal-avs.com\/\">www.halal-avs.com<\/a>).<\/p>\n<p>Un grand merci \u00e0 Abdeslam, le cuistot, qui nous a pr\u00e9par\u00e9 de d\u00e9licieux sandwichs.<\/p>\n<p>Apr\u00e8s ces d\u00e9gustations, j\u2019avais l\u2019habitude d\u2019aller manger une petite glace chez un voisin qui \u00e0 l\u2019art et la mani\u00e8re de vous remettre le cornet de glace. Je vous laisse le soin de savourer cet art.<\/p>\n<p><object classid=\"clsid:d27cdb6e-ae6d-11cf-96b8-444553540000\" width=\"853\" height=\"510\" codebase=\"http:\/\/download.macromedia.com\/pub\/shockwave\/cabs\/flash\/swflash.cab#version=6,0,40,0\"><param name=\"allowFullScreen\" value=\"true\" \/><param name=\"allowscriptaccess\" value=\"always\" \/><param name=\"src\" value=\"http:\/\/www.youtube-nocookie.com\/v\/qdig05Hc7X4?fs=1&amp;hl=fr_FR&amp;rel=0\" \/><param name=\"allowfullscreen\" value=\"true\" \/><embed type=\"application\/x-shockwave-flash\" width=\"853\" height=\"510\" src=\"http:\/\/www.youtube-nocookie.com\/v\/qdig05Hc7X4?fs=1&amp;hl=fr_FR&amp;rel=0\" allowscriptaccess=\"always\" allowfullscreen=\"true\"><\/embed><\/object><\/p>\n<p>Pour finir et avant de plier bagages, j\u2019ai vu d\u00e9barquer sur mon stand le directeur du Paris Expo Halal Farid Terrache venant promouvoir son salon pr\u00e9vu pour fin mars.<\/p>\n<p>Etant donn\u00e9 qu\u2019il est tr\u00e8s d\u00e9sinform\u00e9 de ce qui se passe dans le march\u00e9 du halal et qu\u2019il p\u00eache ses informations sur des sites internet qui n\u2019ont aucune rigueur dans la publication des informations qu\u2019ils diffusent, il a os\u00e9 me proposer un stand tout en rajoutant que j\u2019\u00e9tais en liquidation judiciaire.<\/p>\n<p>J\u2019ai du mal \u00e0 comprendre que l\u2019on souhaite faire des affaires avec des personnes qui auraient touch\u00e9 le fond dans le Food :). Au vu de son apparence, costard en cuir et une haleine d\u00e9gageant une odeur fortement alcoolis\u00e9e, cette personne a os\u00e9 me parler de halal. c&rsquo;est grave!<\/p>\n<p>Ou est l\u2019\u00e9thique de ces professionnels qui ne respectent pas notre religion et qui vous aborde alors qu\u2019ils sont ivres\u2026<\/p>\n<p>Vous l&rsquo;aurez compris, si vous avez l\u2019envie de vous lancer dans le halal et de bien\u00a0faire les choses, il y a de\u00a0la place sur\u00a0ce march\u00e9. Vous \u00eates les bienvenus, je dirais m\u00eame plus, ont a besoin de vous <strong>;-d<\/strong><\/p>\n","protected":false},"excerpt":{"rendered":"<p>Cette semaine s\u2019est d\u00e9roul\u00e9 le salon Ethnic Foods Europe (www.ethnicfoodseurope.com) \u00e0 Brussel o\u00f9 j\u2019y \u00e9tais personnellement en tant qu\u2019exposant. C\u2019\u00e9tait un salon tr\u00e8s sympathique et convivial ou la plupart des exposants pr\u00e9sentaient des produits ethniques. S\u2019y trouvaient \u00e9galement quelques exposants proposant des<\/p>\n","protected":false},"author":1,"featured_media":0,"comment_status":"open","ping_status":"closed","sticky":false,"template":"","format":"standard","meta":{"footnotes":""},"categories":[1],"tags":[],"class_list":["post-767","post","type-post","status-publish","format-standard","hentry","category-non-classe"],"acf":[],"yoast_head":"<!-- This site is optimized with the Yoast SEO plugin v24.7 - https:\/\/yoast.com\/wordpress\/plugins\/seo\/ -->\n<title>Le Salon Ethnic Foods Europe \u00e0 Brussel - D\u00e9bat Halal<\/title>\n<meta name=\"robots\" content=\"index, follow, max-snippet:-1, max-image-preview:large, max-video-preview:-1\" \/>\n<link rel=\"canonical\" href=\"https:\/\/www.debat-halal.fr\/blog\/le-salon-ethnic-foods-europe-a-brussel\/\" \/>\n<meta property=\"og:locale\" content=\"fr_FR\" \/>\n<meta property=\"og:type\" content=\"article\" \/>\n<meta property=\"og:title\" content=\"Le Salon Ethnic Foods Europe \u00e0 Brussel - D\u00e9bat Halal\" \/>\n<meta property=\"og:description\" content=\"Cette semaine s\u2019est d\u00e9roul\u00e9 le salon Ethnic Foods Europe (www.ethnicfoodseurope.com) \u00e0 Brussel o\u00f9 j\u2019y \u00e9tais personnellement en tant qu\u2019exposant. C\u2019\u00e9tait un salon tr\u00e8s sympathique et convivial ou la plupart des exposants pr\u00e9sentaient des produits ethniques. S\u2019y trouvaient \u00e9galement quelques exposants proposant des\" \/>\n<meta property=\"og:url\" content=\"https:\/\/www.debat-halal.fr\/blog\/le-salon-ethnic-foods-europe-a-brussel\/\" \/>\n<meta property=\"og:site_name\" content=\"D\u00e9bat Halal\" \/>\n<meta property=\"article:publisher\" content=\"https:\/\/www.facebook.com\/debathalal\" \/>\n<meta property=\"article:published_time\" content=\"2011-03-19T12:05:11+00:00\" \/>\n<meta property=\"og:image\" content=\"http:\/\/www.debat-halal.fr\/blog\/wp-content\/uploads\/2011\/03\/flou1-1024x682.jpg\" \/>\n<meta name=\"author\" content=\"Administrateur\" \/>\n<meta name=\"twitter:card\" content=\"summary_large_image\" \/>\n<meta name=\"twitter:creator\" content=\"@DebatHalal\" \/>\n<meta name=\"twitter:site\" content=\"@DebatHalal\" \/>\n<meta name=\"twitter:label1\" content=\"\u00c9crit par\" \/>\n\t<meta name=\"twitter:data1\" content=\"Administrateur\" \/>\n\t<meta name=\"twitter:label2\" content=\"Dur\u00e9e de lecture estim\u00e9e\" \/>\n\t<meta name=\"twitter:data2\" content=\"4 minutes\" \/>\n<script type=\"application\/ld+json\" class=\"yoast-schema-graph\">{\"@context\":\"https:\/\/schema.org\",\"@graph\":[{\"@type\":\"Article\",\"@id\":\"https:\/\/www.debat-halal.fr\/blog\/le-salon-ethnic-foods-europe-a-brussel\/#article\",\"isPartOf\":{\"@id\":\"https:\/\/www.debat-halal.fr\/blog\/le-salon-ethnic-foods-europe-a-brussel\/\"},\"author\":{\"name\":\"Administrateur\",\"@id\":\"https:\/\/www.debat-halal.fr\/blog\/#\/schema\/person\/e4d8e852d1a4e403f8a5f365a87e0fec\"},\"headline\":\"Le Salon Ethnic Foods Europe \u00e0 Brussel\",\"datePublished\":\"2011-03-19T12:05:11+00:00\",\"mainEntityOfPage\":{\"@id\":\"https:\/\/www.debat-halal.fr\/blog\/le-salon-ethnic-foods-europe-a-brussel\/\"},\"wordCount\":877,\"commentCount\":4,\"publisher\":{\"@id\":\"https:\/\/www.debat-halal.fr\/blog\/#organization\"},\"image\":{\"@id\":\"https:\/\/www.debat-halal.fr\/blog\/le-salon-ethnic-foods-europe-a-brussel\/#primaryimage\"},\"thumbnailUrl\":\"http:\/\/www.debat-halal.fr\/blog\/wp-content\/uploads\/2011\/03\/flou1-1024x682.jpg\",\"inLanguage\":\"fr-FR\",\"potentialAction\":[{\"@type\":\"CommentAction\",\"name\":\"Comment\",\"target\":[\"https:\/\/www.debat-halal.fr\/blog\/le-salon-ethnic-foods-europe-a-brussel\/#respond\"]}]},{\"@type\":\"WebPage\",\"@id\":\"https:\/\/www.debat-halal.fr\/blog\/le-salon-ethnic-foods-europe-a-brussel\/\",\"url\":\"https:\/\/www.debat-halal.fr\/blog\/le-salon-ethnic-foods-europe-a-brussel\/\",\"name\":\"Le Salon Ethnic Foods Europe \u00e0 Brussel - D\u00e9bat Halal\",\"isPartOf\":{\"@id\":\"https:\/\/www.debat-halal.fr\/blog\/#website\"},\"primaryImageOfPage\":{\"@id\":\"https:\/\/www.debat-halal.fr\/blog\/le-salon-ethnic-foods-europe-a-brussel\/#primaryimage\"},\"image\":{\"@id\":\"https:\/\/www.debat-halal.fr\/blog\/le-salon-ethnic-foods-europe-a-brussel\/#primaryimage\"},\"thumbnailUrl\":\"http:\/\/www.debat-halal.fr\/blog\/wp-content\/uploads\/2011\/03\/flou1-1024x682.jpg\",\"datePublished\":\"2011-03-19T12:05:11+00:00\",\"breadcrumb\":{\"@id\":\"https:\/\/www.debat-halal.fr\/blog\/le-salon-ethnic-foods-europe-a-brussel\/#breadcrumb\"},\"inLanguage\":\"fr-FR\",\"potentialAction\":[{\"@type\":\"ReadAction\",\"target\":[\"https:\/\/www.debat-halal.fr\/blog\/le-salon-ethnic-foods-europe-a-brussel\/\"]}]},{\"@type\":\"ImageObject\",\"inLanguage\":\"fr-FR\",\"@id\":\"https:\/\/www.debat-halal.fr\/blog\/le-salon-ethnic-foods-europe-a-brussel\/#primaryimage\",\"url\":\"http:\/\/www.debat-halal.fr\/blog\/wp-content\/uploads\/2011\/03\/flou1-1024x682.jpg\",\"contentUrl\":\"http:\/\/www.debat-halal.fr\/blog\/wp-content\/uploads\/2011\/03\/flou1-1024x682.jpg\"},{\"@type\":\"BreadcrumbList\",\"@id\":\"https:\/\/www.debat-halal.fr\/blog\/le-salon-ethnic-foods-europe-a-brussel\/#breadcrumb\",\"itemListElement\":[{\"@type\":\"ListItem\",\"position\":1,\"name\":\"Accueil\",\"item\":\"https:\/\/www.debat-halal.fr\/blog\/\"},{\"@type\":\"ListItem\",\"position\":2,\"name\":\"Le Salon Ethnic Foods Europe \u00e0 Brussel\"}]},{\"@type\":\"WebSite\",\"@id\":\"https:\/\/www.debat-halal.fr\/blog\/#website\",\"url\":\"https:\/\/www.debat-halal.fr\/blog\/\",\"name\":\"D\u00e9bat Halal\",\"description\":\"L\u2019information clair du v\u00e9ritable Halal !\",\"publisher\":{\"@id\":\"https:\/\/www.debat-halal.fr\/blog\/#organization\"},\"potentialAction\":[{\"@type\":\"SearchAction\",\"target\":{\"@type\":\"EntryPoint\",\"urlTemplate\":\"https:\/\/www.debat-halal.fr\/blog\/?s={search_term_string}\"},\"query-input\":{\"@type\":\"PropertyValueSpecification\",\"valueRequired\":true,\"valueName\":\"search_term_string\"}}],\"inLanguage\":\"fr-FR\"},{\"@type\":\"Organization\",\"@id\":\"https:\/\/www.debat-halal.fr\/blog\/#organization\",\"name\":\"D\u00e9bat Halal\",\"url\":\"https:\/\/www.debat-halal.fr\/blog\/\",\"logo\":{\"@type\":\"ImageObject\",\"inLanguage\":\"fr-FR\",\"@id\":\"https:\/\/www.debat-halal.fr\/blog\/#\/schema\/logo\/image\/\",\"url\":\"https:\/\/www.debat-halal.fr\/blog\/wp-content\/uploads\/2014\/07\/debat-halal.png\",\"contentUrl\":\"https:\/\/www.debat-halal.fr\/blog\/wp-content\/uploads\/2014\/07\/debat-halal.png\",\"width\":470,\"height\":137,\"caption\":\"D\u00e9bat Halal\"},\"image\":{\"@id\":\"https:\/\/www.debat-halal.fr\/blog\/#\/schema\/logo\/image\/\"},\"sameAs\":[\"https:\/\/www.facebook.com\/debathalal\",\"https:\/\/x.com\/DebatHalal\"]},{\"@type\":\"Person\",\"@id\":\"https:\/\/www.debat-halal.fr\/blog\/#\/schema\/person\/e4d8e852d1a4e403f8a5f365a87e0fec\",\"name\":\"Administrateur\",\"image\":{\"@type\":\"ImageObject\",\"inLanguage\":\"fr-FR\",\"@id\":\"https:\/\/www.debat-halal.fr\/blog\/#\/schema\/person\/image\/\",\"url\":\"https:\/\/www.debat-halal.fr\/blog\/wp-content\/uploads\/2014\/07\/debat-halal-150x43.png\",\"contentUrl\":\"https:\/\/www.debat-halal.fr\/blog\/wp-content\/uploads\/2014\/07\/debat-halal-150x43.png\",\"caption\":\"Administrateur\"},\"url\":\"https:\/\/www.debat-halal.fr\/blog\/author\/baker\/\"}]}<\/script>\n<!-- \/ Yoast SEO plugin. -->","yoast_head_json":{"title":"Le Salon Ethnic Foods Europe \u00e0 Brussel - D\u00e9bat Halal","robots":{"index":"index","follow":"follow","max-snippet":"max-snippet:-1","max-image-preview":"max-image-preview:large","max-video-preview":"max-video-preview:-1"},"canonical":"https:\/\/www.debat-halal.fr\/blog\/le-salon-ethnic-foods-europe-a-brussel\/","og_locale":"fr_FR","og_type":"article","og_title":"Le Salon Ethnic Foods Europe \u00e0 Brussel - D\u00e9bat Halal","og_description":"Cette semaine s\u2019est d\u00e9roul\u00e9 le salon Ethnic Foods Europe (www.ethnicfoodseurope.com) \u00e0 Brussel o\u00f9 j\u2019y \u00e9tais personnellement en tant qu\u2019exposant. C\u2019\u00e9tait un salon tr\u00e8s sympathique et convivial ou la plupart des exposants pr\u00e9sentaient des produits ethniques. S\u2019y trouvaient \u00e9galement quelques exposants proposant des","og_url":"https:\/\/www.debat-halal.fr\/blog\/le-salon-ethnic-foods-europe-a-brussel\/","og_site_name":"D\u00e9bat Halal","article_publisher":"https:\/\/www.facebook.com\/debathalal","article_published_time":"2011-03-19T12:05:11+00:00","og_image":[{"url":"http:\/\/www.debat-halal.fr\/blog\/wp-content\/uploads\/2011\/03\/flou1-1024x682.jpg","type":"","width":"","height":""}],"author":"Administrateur","twitter_card":"summary_large_image","twitter_creator":"@DebatHalal","twitter_site":"@DebatHalal","twitter_misc":{"\u00c9crit par":"Administrateur","Dur\u00e9e de lecture estim\u00e9e":"4 minutes"},"schema":{"@context":"https:\/\/schema.org","@graph":[{"@type":"Article","@id":"https:\/\/www.debat-halal.fr\/blog\/le-salon-ethnic-foods-europe-a-brussel\/#article","isPartOf":{"@id":"https:\/\/www.debat-halal.fr\/blog\/le-salon-ethnic-foods-europe-a-brussel\/"},"author":{"name":"Administrateur","@id":"https:\/\/www.debat-halal.fr\/blog\/#\/schema\/person\/e4d8e852d1a4e403f8a5f365a87e0fec"},"headline":"Le Salon Ethnic Foods Europe \u00e0 Brussel","datePublished":"2011-03-19T12:05:11+00:00","mainEntityOfPage":{"@id":"https:\/\/www.debat-halal.fr\/blog\/le-salon-ethnic-foods-europe-a-brussel\/"},"wordCount":877,"commentCount":4,"publisher":{"@id":"https:\/\/www.debat-halal.fr\/blog\/#organization"},"image":{"@id":"https:\/\/www.debat-halal.fr\/blog\/le-salon-ethnic-foods-europe-a-brussel\/#primaryimage"},"thumbnailUrl":"http:\/\/www.debat-halal.fr\/blog\/wp-content\/uploads\/2011\/03\/flou1-1024x682.jpg","inLanguage":"fr-FR","potentialAction":[{"@type":"CommentAction","name":"Comment","target":["https:\/\/www.debat-halal.fr\/blog\/le-salon-ethnic-foods-europe-a-brussel\/#respond"]}]},{"@type":"WebPage","@id":"https:\/\/www.debat-halal.fr\/blog\/le-salon-ethnic-foods-europe-a-brussel\/","url":"https:\/\/www.debat-halal.fr\/blog\/le-salon-ethnic-foods-europe-a-brussel\/","name":"Le Salon Ethnic Foods Europe \u00e0 Brussel - D\u00e9bat Halal","isPartOf":{"@id":"https:\/\/www.debat-halal.fr\/blog\/#website"},"primaryImageOfPage":{"@id":"https:\/\/www.debat-halal.fr\/blog\/le-salon-ethnic-foods-europe-a-brussel\/#primaryimage"},"image":{"@id":"https:\/\/www.debat-halal.fr\/blog\/le-salon-ethnic-foods-europe-a-brussel\/#primaryimage"},"thumbnailUrl":"http:\/\/www.debat-halal.fr\/blog\/wp-content\/uploads\/2011\/03\/flou1-1024x682.jpg","datePublished":"2011-03-19T12:05:11+00:00","breadcrumb":{"@id":"https:\/\/www.debat-halal.fr\/blog\/le-salon-ethnic-foods-europe-a-brussel\/#breadcrumb"},"inLanguage":"fr-FR","potentialAction":[{"@type":"ReadAction","target":["https:\/\/www.debat-halal.fr\/blog\/le-salon-ethnic-foods-europe-a-brussel\/"]}]},{"@type":"ImageObject","inLanguage":"fr-FR","@id":"https:\/\/www.debat-halal.fr\/blog\/le-salon-ethnic-foods-europe-a-brussel\/#primaryimage","url":"http:\/\/www.debat-halal.fr\/blog\/wp-content\/uploads\/2011\/03\/flou1-1024x682.jpg","contentUrl":"http:\/\/www.debat-halal.fr\/blog\/wp-content\/uploads\/2011\/03\/flou1-1024x682.jpg"},{"@type":"BreadcrumbList","@id":"https:\/\/www.debat-halal.fr\/blog\/le-salon-ethnic-foods-europe-a-brussel\/#breadcrumb","itemListElement":[{"@type":"ListItem","position":1,"name":"Accueil","item":"https:\/\/www.debat-halal.fr\/blog\/"},{"@type":"ListItem","position":2,"name":"Le Salon Ethnic Foods Europe \u00e0 Brussel"}]},{"@type":"WebSite","@id":"https:\/\/www.debat-halal.fr\/blog\/#website","url":"https:\/\/www.debat-halal.fr\/blog\/","name":"D\u00e9bat Halal","description":"L\u2019information clair du v\u00e9ritable Halal !","publisher":{"@id":"https:\/\/www.debat-halal.fr\/blog\/#organization"},"potentialAction":[{"@type":"SearchAction","target":{"@type":"EntryPoint","urlTemplate":"https:\/\/www.debat-halal.fr\/blog\/?s={search_term_string}"},"query-input":{"@type":"PropertyValueSpecification","valueRequired":true,"valueName":"search_term_string"}}],"inLanguage":"fr-FR"},{"@type":"Organization","@id":"https:\/\/www.debat-halal.fr\/blog\/#organization","name":"D\u00e9bat Halal","url":"https:\/\/www.debat-halal.fr\/blog\/","logo":{"@type":"ImageObject","inLanguage":"fr-FR","@id":"https:\/\/www.debat-halal.fr\/blog\/#\/schema\/logo\/image\/","url":"https:\/\/www.debat-halal.fr\/blog\/wp-content\/uploads\/2014\/07\/debat-halal.png","contentUrl":"https:\/\/www.debat-halal.fr\/blog\/wp-content\/uploads\/2014\/07\/debat-halal.png","width":470,"height":137,"caption":"D\u00e9bat Halal"},"image":{"@id":"https:\/\/www.debat-halal.fr\/blog\/#\/schema\/logo\/image\/"},"sameAs":["https:\/\/www.facebook.com\/debathalal","https:\/\/x.com\/DebatHalal"]},{"@type":"Person","@id":"https:\/\/www.debat-halal.fr\/blog\/#\/schema\/person\/e4d8e852d1a4e403f8a5f365a87e0fec","name":"Administrateur","image":{"@type":"ImageObject","inLanguage":"fr-FR","@id":"https:\/\/www.debat-halal.fr\/blog\/#\/schema\/person\/image\/","url":"https:\/\/www.debat-halal.fr\/blog\/wp-content\/uploads\/2014\/07\/debat-halal-150x43.png","contentUrl":"https:\/\/www.debat-halal.fr\/blog\/wp-content\/uploads\/2014\/07\/debat-halal-150x43.png","caption":"Administrateur"},"url":"https:\/\/www.debat-halal.fr\/blog\/author\/baker\/"}]}},"_links":{"self":[{"href":"https:\/\/www.debat-halal.fr\/blog\/wp-json\/wp\/v2\/posts\/767","targetHints":{"allow":["GET"]}}],"collection":[{"href":"https:\/\/www.debat-halal.fr\/blog\/wp-json\/wp\/v2\/posts"}],"about":[{"href":"https:\/\/www.debat-halal.fr\/blog\/wp-json\/wp\/v2\/types\/post"}],"author":[{"embeddable":true,"href":"https:\/\/www.debat-halal.fr\/blog\/wp-json\/wp\/v2\/users\/1"}],"replies":[{"embeddable":true,"href":"https:\/\/www.debat-halal.fr\/blog\/wp-json\/wp\/v2\/comments?post=767"}],"version-history":[{"count":23,"href":"https:\/\/www.debat-halal.fr\/blog\/wp-json\/wp\/v2\/posts\/767\/revisions"}],"predecessor-version":[{"id":796,"href":"https:\/\/www.debat-halal.fr\/blog\/wp-json\/wp\/v2\/posts\/767\/revisions\/796"}],"wp:attachment":[{"href":"https:\/\/www.debat-halal.fr\/blog\/wp-json\/wp\/v2\/media?parent=767"}],"wp:term":[{"taxonomy":"category","embeddable":true,"href":"https:\/\/www.debat-halal.fr\/blog\/wp-json\/wp\/v2\/categories?post=767"},{"taxonomy":"post_tag","embeddable":true,"href":"https:\/\/www.debat-halal.fr\/blog\/wp-json\/wp\/v2\/tags?post=767"}],"curies":[{"name":"wp","href":"https:\/\/api.w.org\/{rel}","templated":true}]}}